{"id":3959,"date":"2019-11-07T07:50:14","date_gmt":"2019-11-07T06:50:14","guid":{"rendered":"http:\/\/www.500er-fiat.de\/?p=3959"},"modified":"2019-11-07T07:50:16","modified_gmt":"2019-11-07T06:50:16","slug":"ausstellung-zum-fiat-500","status":"publish","type":"post","link":"https:\/\/www.500er-fiat.de\/?p=3959","title":{"rendered":"Ausstellung zum Fiat 500"},"content":{"rendered":"\n<p>Im Rahmen der Ausstellung  \u201eBella Italia \u2013 Fiat 500 \u2013 als das \u201aDolce Vita\u2018 \u00fcber die Alpen kam\u201c\u00a0 zeigt das Auto- und Uhrenmuseum im badischen Schramberg ab Freitag, 8. November 2019.<\/p>\n\n\n\n<p>Presseinfo: Klein, s\u00fc\u00df und bescheiden pr\u00e4sentierte sich im Jahr 1957 die Knutschkugel aus Italien \u2013 der Fiat 500. Dieser kleine Viersitzer machte Italien in der Nachkriegszeit mobil .  Als der Fiat Nuova 500 auf den Markt kam, war die Begeisterung in Italien gro\u00df: ein Auto, das f\u00fcr jeden erschwinglich war. <\/p>\n\n\n\n<p>Link:  <a href=\"https:\/\/www.auto-und-uhrenwelt.de\/de\/\">www.auto-und-uhrenwelt.de<\/a><\/p>\n\n\n\n<p><\/p>\n","protected":false},"excerpt":{"rendered":"<p>Im Rahmen der Ausstellung  \u201eBella Italia \u2013 Fiat 500 \u2013 als das \u201aDolce Vita\u2018 \u00fcber die Alpen kam\u201c  zeigt das Auto- und Uhrenmuseum im badischen Schramberg ab Freitag, 8. November 2019.<\/p>\n","protected":false},"author":1,"featured_media":3961,"comment_status":"open","ping_status":"open","sticky":false,"template":"","format":"standard","meta":{"footnotes":""},"categories":[5],"tags":[],"_links":{"self":[{"href":"https:\/\/www.500er-fiat.de\/index.php?rest_route=\/wp\/v2\/posts\/3959"}],"collection":[{"href":"https:\/\/www.500er-fiat.de\/index.php?rest_route=\/wp\/v2\/posts"}],"about":[{"href":"https:\/\/www.500er-fiat.de\/index.php?rest_route=\/wp\/v2\/types\/post"}],"author":[{"embeddable":true,"href":"https:\/\/www.500er-fiat.de\/index.php?rest_route=\/wp\/v2\/users\/1"}],"replies":[{"embeddable":true,"href":"https:\/\/www.500er-fiat.de\/index.php?rest_route=%2Fwp%2Fv2%2Fcomments&post=3959"}],"version-history":[{"count":1,"href":"https:\/\/www.500er-fiat.de\/index.php?rest_route=\/wp\/v2\/posts\/3959\/revisions"}],"predecessor-version":[{"id":3960,"href":"https:\/\/www.500er-fiat.de\/index.php?rest_route=\/wp\/v2\/posts\/3959\/revisions\/3960"}],"wp:featuredmedia":[{"embeddable":true,"href":"https:\/\/www.500er-fiat.de\/index.php?rest_route=\/wp\/v2\/media\/3961"}],"wp:attachment":[{"href":"https:\/\/www.500er-fiat.de\/index.php?rest_route=%2Fwp%2Fv2%2Fmedia&parent=3959"}],"wp:term":[{"taxonomy":"category","embeddable":true,"href":"https:\/\/www.500er-fiat.de\/index.php?rest_route=%2Fwp%2Fv2%2Fcategories&post=3959"},{"taxonomy":"post_tag","embeddable":true,"href":"https:\/\/www.500er-fiat.de\/index.php?rest_route=%2Fwp%2Fv2%2Ftags&post=3959"}],"curies":[{"name":"wp","href":"https:\/\/api.w.org\/{rel}","templated":true}]}}